{"id":6263,"date":"2020-12-21T17:32:16","date_gmt":"2020-12-21T16:32:16","guid":{"rendered":"https:\/\/www.sv.be\/?p=6263"},"modified":"2021-04-11T12:10:24","modified_gmt":"2021-04-11T10:10:24","slug":"bancs-pour-les-salles-dattente-et-les-auditoriums-des-funerailles","status":"publish","type":"post","link":"https:\/\/www.sv.be\/fr\/idees\/bancs-pour-les-salles-dattente-et-les-auditoriums-des-funerailles\/","title":{"rendered":"Bancs pour les salles d&#8217;attente et les auditoriums des fun\u00e9railles"},"content":{"rendered":"\t\t<div data-elementor-type=\"wp-post\" data-elementor-id=\"6263\" class=\"elementor elementor-6263 elementor-5008\" data-elementor-post-type=\"post\">\n\t\t\t\t\t\t<section class=\"elementor-section elementor-top-section elementor-element elementor-element-51842b0 elementor-section-boxed elementor-section-height-default elementor-section-height-default\" data-id=\"51842b0\" data-element_type=\"section\" data-e-type=\"section\" data-settings=\"{&quot;jet_parallax_layout_list&quot;:[{&quot;jet_parallax_layout_image&quot;:{&quot;url&quot;:&quot;&quot;,&quot;id&quot;:&quot;&quot;,&quot;size&quot;:&quot;&quot;},&quot;_id&quot;:&quot;f747ad9&quot;,&quot;jet_parallax_layout_image_tablet&quot;:{&quot;url&quot;:&quot;&quot;,&quot;id&quot;:&quot;&quot;,&quot;size&quot;:&quot;&quot;},&quot;jet_parallax_layout_image_mobile&quot;:{&quot;url&quot;:&quot;&quot;,&quot;id&quot;:&quot;&quot;,&quot;size&quot;:&quot;&quot;},&quot;jet_parallax_layout_speed&quot;:{&quot;unit&quot;:&quot;%&quot;,&quot;size&quot;:50,&quot;sizes&quot;:[]},&quot;jet_parallax_layout_type&quot;:&quot;scroll&quot;,&quot;jet_parallax_layout_direction&quot;:&quot;1&quot;,&quot;jet_parallax_layout_fx_direction&quot;:null,&quot;jet_parallax_layout_z_index&quot;:&quot;&quot;,&quot;jet_parallax_layout_bg_x&quot;:50,&quot;jet_parallax_layout_bg_x_tablet&quot;:&quot;&quot;,&quot;jet_parallax_layout_bg_x_mobile&quot;:&quot;&quot;,&quot;jet_parallax_layout_bg_y&quot;:50,&quot;jet_parallax_layout_bg_y_tablet&quot;:&quot;&quot;,&quot;jet_parallax_layout_bg_y_mobile&quot;:&quot;&quot;,&quot;jet_parallax_layout_bg_size&quot;:&quot;auto&quot;,&quot;jet_parallax_layout_bg_size_tablet&quot;:&quot;&quot;,&quot;jet_parallax_layout_bg_size_mobile&quot;:&quot;&quot;,&quot;jet_parallax_layout_animation_prop&quot;:&quot;transform&quot;,&quot;jet_parallax_layout_on&quot;:[&quot;desktop&quot;,&quot;tablet&quot;]}]}\">\n\t\t\t\t\t\t<div class=\"elementor-container elementor-column-gap-default\">\n\t\t\t\t\t<div class=\"elementor-column elementor-col-100 elementor-top-column elementor-element elementor-element-dbeb86c\" data-id=\"dbeb86c\" data-element_type=\"column\" data-e-type=\"column\">\n\t\t\t<div class=\"elementor-widget-wrap elementor-element-populated\">\n\t\t\t\t\t\t<div class=\"elementor-element elementor-element-7572c1f elementor-widget elementor-widget-text-editor\" data-id=\"7572c1f\" data-element_type=\"widget\" data-e-type=\"widget\" data-widget_type=\"text-editor.default\">\n\t\t\t\t<div class=\"elementor-widget-container\">\n\t\t\t\t\t\t\t\t\t<p>Notre partenaire, la soci\u00e9t\u00e9 espagnole <a href=\"https:\/\/www.sv.be\/fr\/collections\/sellex-fr\/\" target=\"_blank\" rel=\"noopener\"><strong>Sellex<\/strong><\/a>, s&#8217;est encore sp\u00e9cialis\u00e9e dans les bancs ces derni\u00e8res ann\u00e9es et a d\u00e9j\u00e0 r\u00e9alis\u00e9 de nombreux et magnifiques projets en Belgique et dans le reste de l&#8217;Europe.\u00a0<\/p>\t\t\t\t\t\t\t\t<\/div>\n\t\t\t\t<\/div>\n\t\t\t\t<div class=\"elementor-element elementor-element-00ac03a elementor-widget elementor-widget-heading\" data-id=\"00ac03a\" data-element_type=\"widget\" data-e-type=\"widget\" data-widget_type=\"heading.default\">\n\t\t\t\t<div class=\"elementor-widget-container\">\n\t\t\t\t\t<h2 class=\"elementor-heading-title elementor-size-default\">Banc m\u00e9tal industriel<\/h2>\t\t\t\t<\/div>\n\t\t\t\t<\/div>\n\t\t\t\t<div class=\"elementor-element elementor-element-80f1d7e elementor-widget elementor-widget-text-editor\" data-id=\"80f1d7e\" data-element_type=\"widget\" data-e-type=\"widget\" data-widget_type=\"text-editor.default\">\n\t\t\t\t<div class=\"elementor-widget-container\">\n\t\t\t\t\t\t\t\t\t<p><strong><a href=\"https:\/\/www.sv.be\/fr\/produit\/aero-1\/\" target=\"_blank\" rel=\"noopener\">Le banc Aero<\/a><\/strong> est la combinaison parfaite de minimalisme, de l\u00e9g\u00e8ret\u00e9, d&#8217;\u00e9l\u00e9gance, de confort et de robustesse.<br \/>Reposant sur deux profils en aluminium, le banc Aero rappelle surtout l&#8217;aile d&#8217;un avion. Mais les diff\u00e9rentes options qu&#8217;ils offrent en mati\u00e8re de finition transforment le banc \u00e0 votre go\u00fbt : l&#8217;assise et le dossier peuvent \u00eatre en aluminium, en bois, en polyur\u00e9thane, en tissu, en Stamskin (une sorte de cuir artificiel, il est hydrofuge, antibact\u00e9rien et r\u00e9sistant au feu) ou en cuir.<br \/>Les accoudoirs peuvent \u00e9galement \u00eatre mont\u00e9s dans les m\u00eames mat\u00e9riaux.<\/p>\t\t\t\t\t\t\t\t<\/div>\n\t\t\t\t<\/div>\n\t\t\t\t<div class=\"elementor-element elementor-element-573667f elementor-widget elementor-widget-gallery\" data-id=\"573667f\" data-element_type=\"widget\" data-e-type=\"widget\" data-settings=\"{&quot;columns&quot;:3,&quot;lazyload&quot;:&quot;yes&quot;,&quot;gallery_layout&quot;:&quot;grid&quot;,&quot;columns_tablet&quot;:2,&quot;columns_mobile&quot;:1,&quot;gap&quot;:{&quot;unit&quot;:&quot;px&quot;,&quot;size&quot;:10,&quot;sizes&quot;:[]},&quot;gap_tablet&quot;:{&quot;unit&quot;:&quot;px&quot;,&quot;size&quot;:10,&quot;sizes&quot;:[]},&quot;gap_mobile&quot;:{&quot;unit&quot;:&quot;px&quot;,&quot;size&quot;:10,&quot;sizes&quot;:[]},&quot;link_to&quot;:&quot;file&quot;,&quot;aspect_ratio&quot;:&quot;3:2&quot;,&quot;overlay_background&quot;:&quot;yes&quot;,&quot;content_hover_animation&quot;:&quot;fade-in&quot;}\" data-widget_type=\"gallery.default\">\n\t\t\t\t<div class=\"elementor-widget-container\">\n\t\t\t\t\t\t\t<div class=\"elementor-gallery__container\">\n\t\t\t\t\t\t\t<a class=\"e-gallery-item elementor-gallery-item elementor-animated-content\" href=\"https:\/\/www.sv.be\/wp-content\/uploads\/2020\/12\/SELLEX-Aero-1-1.jpg\" data-elementor-open-lightbox=\"yes\" data-elementor-lightbox-slideshow=\"573667f\" data-elementor-lightbox-title=\"SELLEX-Aero-1-1\" data-e-action-hash=\"#elementor-action%3Aaction%3Dlightbox%26settings%3DeyJpZCI6NjE4OSwidXJsIjoiaHR0cHM6XC9cL3d3dy5zdi5iZVwvd3AtY29udGVudFwvdXBsb2Fkc1wvMjAyMFwvMTJcL1NFTExFWC1BZXJvLTEtMS5qcGciLCJzbGlkZXNob3ciOiI1NzM2NjdmIn0%3D\">\n\t\t\t\t\t<div class=\"e-gallery-image elementor-gallery-item__image\" data-thumbnail=\"https:\/\/www.sv.be\/wp-content\/uploads\/2020\/12\/SELLEX-Aero-1-1.jpg\" data-width=\"741\" data-height=\"500\" aria-label=\"\" role=\"img\" ><\/div>\n\t\t\t\t\t\t\t\t\t\t\t<div class=\"elementor-gallery-item__overlay\"><\/div>\n\t\t\t\t\t\t\t\t\t\t\t\t\t\t<\/a>\n\t\t\t\t\t\t\t<a class=\"e-gallery-item elementor-gallery-item elementor-animated-content\" href=\"https:\/\/www.sv.be\/wp-content\/uploads\/2020\/12\/Aero_Banco_10.jpg\" data-elementor-open-lightbox=\"yes\" data-elementor-lightbox-slideshow=\"573667f\" data-elementor-lightbox-title=\"Aero_Banco_10\" data-e-action-hash=\"#elementor-action%3Aaction%3Dlightbox%26settings%3DeyJpZCI6NjE1OCwidXJsIjoiaHR0cHM6XC9cL3d3dy5zdi5iZVwvd3AtY29udGVudFwvdXBsb2Fkc1wvMjAyMFwvMTJcL0Flcm9fQmFuY29fMTAuanBnIiwic2xpZGVzaG93IjoiNTczNjY3ZiJ9\">\n\t\t\t\t\t<div class=\"e-gallery-image elementor-gallery-item__image\" data-thumbnail=\"https:\/\/www.sv.be\/wp-content\/uploads\/2020\/12\/Aero_Banco_10.jpg\" data-width=\"864\" data-height=\"500\" aria-label=\"\" role=\"img\" ><\/div>\n\t\t\t\t\t\t\t\t\t\t\t<div class=\"elementor-gallery-item__overlay\"><\/div>\n\t\t\t\t\t\t\t\t\t\t\t\t\t\t<\/a>\n\t\t\t\t\t\t\t<a class=\"e-gallery-item elementor-gallery-item elementor-animated-content\" href=\"https:\/\/www.sv.be\/wp-content\/uploads\/2020\/12\/Aero_Banco_Suspendido_Sellex.jpg\" data-elementor-open-lightbox=\"yes\" data-elementor-lightbox-slideshow=\"573667f\" data-elementor-lightbox-title=\"Aero_Banco_Suspendido_Sellex\" data-e-action-hash=\"#elementor-action%3Aaction%3Dlightbox%26settings%3DeyJpZCI6NjE2MCwidXJsIjoiaHR0cHM6XC9cL3d3dy5zdi5iZVwvd3AtY29udGVudFwvdXBsb2Fkc1wvMjAyMFwvMTJcL0Flcm9fQmFuY29fU3VzcGVuZGlkb19TZWxsZXguanBnIiwic2xpZGVzaG93IjoiNTczNjY3ZiJ9\">\n\t\t\t\t\t<div class=\"e-gallery-image elementor-gallery-item__image\" data-thumbnail=\"https:\/\/www.sv.be\/wp-content\/uploads\/2020\/12\/Aero_Banco_Suspendido_Sellex.jpg\" data-width=\"934\" data-height=\"500\" aria-label=\"\" role=\"img\" ><\/div>\n\t\t\t\t\t\t\t\t\t\t\t<div class=\"elementor-gallery-item__overlay\"><\/div>\n\t\t\t\t\t\t\t\t\t\t\t\t\t\t<\/a>\n\t\t\t\t\t<\/div>\n\t\t\t\t\t<\/div>\n\t\t\t\t<\/div>\n\t\t\t\t<div class=\"elementor-element elementor-element-e7a0640 elementor-widget elementor-widget-heading\" data-id=\"e7a0640\" data-element_type=\"widget\" data-e-type=\"widget\" data-widget_type=\"heading.default\">\n\t\t\t\t<div class=\"elementor-widget-container\">\n\t\t\t\t\t<h2 class=\"elementor-heading-title elementor-size-default\">Bancs d'int\u00e9rieur design<\/h2>\t\t\t\t<\/div>\n\t\t\t\t<\/div>\n\t\t\t\t<div class=\"elementor-element elementor-element-c9762bd elementor-widget elementor-widget-text-editor\" data-id=\"c9762bd\" data-element_type=\"widget\" data-e-type=\"widget\" data-widget_type=\"text-editor.default\">\n\t\t\t\t<div class=\"elementor-widget-container\">\n\t\t\t\t\t\t\t\t\t<p><strong><a href=\"https:\/\/www.sv.be\/fr\/produit\/aero-compact\/\" target=\"_blank\" rel=\"noopener\">L&#8217;Aero Compact<\/a><\/strong> est le banc id\u00e9al dans les lieux publics. Avec l&#8217;assise et le dossier en plastique solide avec des veines de bois, disponibles en 3 couleurs naturelles : marron, blanc et weng\u00e9 (un bois tropical marron fonc\u00e9), le banc s&#8217;int\u00e8gre parfaitement dans n&#8217;importe quel int\u00e9rieur. Facile \u00e0 entretenir, beau dans la simplicit\u00e9, comme on peut le voir dans l&#8217;auditorium de ce fun\u00e9rarium.<\/p>\t\t\t\t\t\t\t\t<\/div>\n\t\t\t\t<\/div>\n\t\t\t\t<div class=\"elementor-element elementor-element-eb6ce0e elementor-widget elementor-widget-gallery\" data-id=\"eb6ce0e\" data-element_type=\"widget\" data-e-type=\"widget\" data-settings=\"{&quot;columns&quot;:2,&quot;aspect_ratio&quot;:&quot;16:9&quot;,&quot;lazyload&quot;:&quot;yes&quot;,&quot;gallery_layout&quot;:&quot;grid&quot;,&quot;columns_tablet&quot;:2,&quot;columns_mobile&quot;:1,&quot;gap&quot;:{&quot;unit&quot;:&quot;px&quot;,&quot;size&quot;:10,&quot;sizes&quot;:[]},&quot;gap_tablet&quot;:{&quot;unit&quot;:&quot;px&quot;,&quot;size&quot;:10,&quot;sizes&quot;:[]},&quot;gap_mobile&quot;:{&quot;unit&quot;:&quot;px&quot;,&quot;size&quot;:10,&quot;sizes&quot;:[]},&quot;link_to&quot;:&quot;file&quot;,&quot;overlay_background&quot;:&quot;yes&quot;,&quot;content_hover_animation&quot;:&quot;fade-in&quot;}\" data-widget_type=\"gallery.default\">\n\t\t\t\t<div class=\"elementor-widget-container\">\n\t\t\t\t\t\t\t<div class=\"elementor-gallery__container\">\n\t\t\t\t\t\t\t<a class=\"e-gallery-item elementor-gallery-item elementor-animated-content\" href=\"https:\/\/www.sv.be\/wp-content\/uploads\/2020\/12\/AERO_TEXTURIZADO_09.jpg\" data-elementor-open-lightbox=\"yes\" data-elementor-lightbox-slideshow=\"eb6ce0e\" data-elementor-lightbox-title=\"AERO_TEXTURIZADO_09\" data-e-action-hash=\"#elementor-action%3Aaction%3Dlightbox%26settings%3DeyJpZCI6NjE2NCwidXJsIjoiaHR0cHM6XC9cL3d3dy5zdi5iZVwvd3AtY29udGVudFwvdXBsb2Fkc1wvMjAyMFwvMTJcL0FFUk9fVEVYVFVSSVpBRE9fMDkuanBnIiwic2xpZGVzaG93IjoiZWI2Y2UwZSJ9\">\n\t\t\t\t\t<div class=\"e-gallery-image elementor-gallery-item__image\" data-thumbnail=\"https:\/\/www.sv.be\/wp-content\/uploads\/2020\/12\/AERO_TEXTURIZADO_09.jpg\" data-width=\"750\" data-height=\"500\" aria-label=\"De inrichting van een uitvaartcentrum met mooie, moderne zitbanken\" role=\"img\" ><\/div>\n\t\t\t\t\t\t\t\t\t\t\t<div class=\"elementor-gallery-item__overlay\"><\/div>\n\t\t\t\t\t\t\t\t\t\t\t\t\t\t<\/a>\n\t\t\t\t\t\t\t<a class=\"e-gallery-item elementor-gallery-item elementor-animated-content\" href=\"https:\/\/www.sv.be\/wp-content\/uploads\/2020\/12\/Sellex_Aero-32.jpg\" data-elementor-open-lightbox=\"yes\" data-elementor-lightbox-slideshow=\"eb6ce0e\" data-elementor-lightbox-title=\"Sellex_Aero-32\" data-e-action-hash=\"#elementor-action%3Aaction%3Dlightbox%26settings%3DeyJpZCI6NjE2OSwidXJsIjoiaHR0cHM6XC9cL3d3dy5zdi5iZVwvd3AtY29udGVudFwvdXBsb2Fkc1wvMjAyMFwvMTJcL1NlbGxleF9BZXJvLTMyLmpwZyIsInNsaWRlc2hvdyI6ImViNmNlMGUifQ%3D%3D\">\n\t\t\t\t\t<div class=\"e-gallery-image elementor-gallery-item__image\" data-thumbnail=\"https:\/\/www.sv.be\/wp-content\/uploads\/2020\/12\/Sellex_Aero-32.jpg\" data-width=\"753\" data-height=\"500\" aria-label=\"\" role=\"img\" ><\/div>\n\t\t\t\t\t\t\t\t\t\t\t<div class=\"elementor-gallery-item__overlay\"><\/div>\n\t\t\t\t\t\t\t\t\t\t\t\t\t\t<\/a>\n\t\t\t\t\t<\/div>\n\t\t\t\t\t<\/div>\n\t\t\t\t<\/div>\n\t\t\t\t<div class=\"elementor-element elementor-element-e881248 elementor-widget elementor-widget-heading\" data-id=\"e881248\" data-element_type=\"widget\" data-e-type=\"widget\" data-widget_type=\"heading.default\">\n\t\t\t\t<div class=\"elementor-widget-container\">\n\t\t\t\t\t<h2 class=\"elementor-heading-title elementor-size-default\">Bancs ext\u00e9rieur en fer forg\u00e9<\/h2>\t\t\t\t<\/div>\n\t\t\t\t<\/div>\n\t\t\t\t<div class=\"elementor-element elementor-element-c0f6bbc elementor-widget elementor-widget-text-editor\" data-id=\"c0f6bbc\" data-element_type=\"widget\" data-e-type=\"widget\" data-widget_type=\"text-editor.default\">\n\t\t\t\t<div class=\"elementor-widget-container\">\n\t\t\t\t\t\t\t\t\t<p>Une autre solution anti-vandalisme est <strong><a href=\"https:\/\/www.sv.be\/fr\/produit\/vacante\/\" target=\"_blank\" rel=\"noopener\">Vacante<\/a><\/strong>. Les concepteurs s&#8217;\u00e9taient fix\u00e9 comme objectif de cr\u00e9er un banc \u00e0 longue dur\u00e9e de vie pour une utilisation dans les lieux publics \u00e0 usage intensif. Les si\u00e8ges en acier perfor\u00e9 peuvent \u00eatre remplac\u00e9s par du ch\u00eane ou du h\u00eatre en contreplaqu\u00e9 verni.<\/p>\t\t\t\t\t\t\t\t<\/div>\n\t\t\t\t<\/div>\n\t\t\t\t<div class=\"elementor-element elementor-element-ad3c2bd elementor-widget elementor-widget-gallery\" data-id=\"ad3c2bd\" data-element_type=\"widget\" data-e-type=\"widget\" data-settings=\"{&quot;columns&quot;:3,&quot;aspect_ratio&quot;:&quot;16:9&quot;,&quot;lazyload&quot;:&quot;yes&quot;,&quot;gallery_layout&quot;:&quot;grid&quot;,&quot;columns_tablet&quot;:2,&quot;columns_mobile&quot;:1,&quot;gap&quot;:{&quot;unit&quot;:&quot;px&quot;,&quot;size&quot;:10,&quot;sizes&quot;:[]},&quot;gap_tablet&quot;:{&quot;unit&quot;:&quot;px&quot;,&quot;size&quot;:10,&quot;sizes&quot;:[]},&quot;gap_mobile&quot;:{&quot;unit&quot;:&quot;px&quot;,&quot;size&quot;:10,&quot;sizes&quot;:[]},&quot;link_to&quot;:&quot;file&quot;,&quot;overlay_background&quot;:&quot;yes&quot;,&quot;content_hover_animation&quot;:&quot;fade-in&quot;}\" data-widget_type=\"gallery.default\">\n\t\t\t\t<div class=\"elementor-widget-container\">\n\t\t\t\t\t\t\t<div class=\"elementor-gallery__container\">\n\t\t\t\t\t\t\t<a class=\"e-gallery-item elementor-gallery-item elementor-animated-content\" href=\"https:\/\/www.sv.be\/wp-content\/uploads\/2020\/12\/Sellex_Vacante-029-1.jpg\" data-elementor-open-lightbox=\"yes\" data-elementor-lightbox-slideshow=\"ad3c2bd\" data-elementor-lightbox-title=\"Sellex_Vacante-029\" data-e-action-hash=\"#elementor-action%3Aaction%3Dlightbox%26settings%3DeyJpZCI6NjIyOSwidXJsIjoiaHR0cHM6XC9cL3d3dy5zdi5iZVwvd3AtY29udGVudFwvdXBsb2Fkc1wvMjAyMFwvMTJcL1NlbGxleF9WYWNhbnRlLTAyOS0xLmpwZyIsInNsaWRlc2hvdyI6ImFkM2MyYmQifQ%3D%3D\">\n\t\t\t\t\t<div class=\"e-gallery-image elementor-gallery-item__image\" data-thumbnail=\"https:\/\/www.sv.be\/wp-content\/uploads\/2020\/12\/Sellex_Vacante-029-1.jpg\" data-width=\"984\" data-height=\"768\" aria-label=\"\" role=\"img\" ><\/div>\n\t\t\t\t\t\t\t\t\t\t\t<div class=\"elementor-gallery-item__overlay\"><\/div>\n\t\t\t\t\t\t\t\t\t\t\t\t\t\t<\/a>\n\t\t\t\t\t\t\t<a class=\"e-gallery-item elementor-gallery-item elementor-animated-content\" href=\"https:\/\/www.sv.be\/wp-content\/uploads\/2020\/11\/Sellex_Vacante-032-scaled.jpg\" data-elementor-open-lightbox=\"yes\" data-elementor-lightbox-slideshow=\"ad3c2bd\" data-elementor-lightbox-title=\"Sellex_Vacante 032\" data-e-action-hash=\"#elementor-action%3Aaction%3Dlightbox%26settings%3DeyJpZCI6NTY5MSwidXJsIjoiaHR0cHM6XC9cL3d3dy5zdi5iZVwvd3AtY29udGVudFwvdXBsb2Fkc1wvMjAyMFwvMTFcL1NlbGxleF9WYWNhbnRlLTAzMi1zY2FsZWQuanBnIiwic2xpZGVzaG93IjoiYWQzYzJiZCJ9\">\n\t\t\t\t\t<div class=\"e-gallery-image elementor-gallery-item__image\" data-thumbnail=\"https:\/\/www.sv.be\/wp-content\/uploads\/2020\/11\/Sellex_Vacante-032-scaled.jpg\" data-width=\"1759\" data-height=\"2560\" aria-label=\"Stevige zitbank Vacante - voor een wachtruimte - metalen uitvoering - diagonale invalshoek\" role=\"img\" ><\/div>\n\t\t\t\t\t\t\t\t\t\t\t<div class=\"elementor-gallery-item__overlay\"><\/div>\n\t\t\t\t\t\t\t\t\t\t\t\t\t\t<\/a>\n\t\t\t\t\t\t\t<a class=\"e-gallery-item elementor-gallery-item elementor-animated-content\" href=\"https:\/\/www.sv.be\/wp-content\/uploads\/2020\/11\/Sellex_Vacante-017.jpg\" data-elementor-open-lightbox=\"yes\" data-elementor-lightbox-slideshow=\"ad3c2bd\" data-elementor-lightbox-title=\"Sellex_Vacante 017\" data-e-action-hash=\"#elementor-action%3Aaction%3Dlightbox%26settings%3DeyJpZCI6NTcyMywidXJsIjoiaHR0cHM6XC9cL3d3dy5zdi5iZVwvd3AtY29udGVudFwvdXBsb2Fkc1wvMjAyMFwvMTFcL1NlbGxleF9WYWNhbnRlLTAxNy5qcGciLCJzbGlkZXNob3ciOiJhZDNjMmJkIn0%3D\">\n\t\t\t\t\t<div class=\"e-gallery-image elementor-gallery-item__image\" data-thumbnail=\"https:\/\/www.sv.be\/wp-content\/uploads\/2020\/11\/Sellex_Vacante-017.jpg\" data-width=\"737\" data-height=\"500\" aria-label=\"Stevige zitbank Vacante - voor een wachtruimte - geverniste multiplex uitvoering - rug aan rug gekoppeld\" role=\"img\" ><\/div>\n\t\t\t\t\t\t\t\t\t\t\t<div class=\"elementor-gallery-item__overlay\"><\/div>\n\t\t\t\t\t\t\t\t\t\t\t\t\t\t<\/a>\n\t\t\t\t\t<\/div>\n\t\t\t\t\t<\/div>\n\t\t\t\t<\/div>\n\t\t\t\t<div class=\"elementor-element elementor-element-a4446f1 elementor-widget elementor-widget-text-editor\" data-id=\"a4446f1\" data-element_type=\"widget\" data-e-type=\"widget\" data-widget_type=\"text-editor.default\">\n\t\t\t\t<div class=\"elementor-widget-container\">\n\t\t\t\t\t\t\t\t\t<h2>L&#8217;am\u00e9nagement d&#8217;une salle d&#8217;attente<\/h2><p><strong><a href=\"https:\/\/www.sv.be\/fr\/produit\/bildu\/\" target=\"_blank\" rel=\"noopener\">Bildu<\/a><\/strong> est un syst\u00e8me modulaire de bancs et de fauteuils qui allient une beaut\u00e9 formelle \u00e0 la fonctionnalit\u00e9 requise pour une utilisation dans les salles d&#8217;attente de toutes sortes, comme les bancs, les h\u00f4pitaux, les \u00e9tablissements d&#8217;enseignement et les fun\u00e9rariums. L\u00e0 encore, des options suppl\u00e9mentaires ont \u00e9t\u00e9 envisag\u00e9es, telles que des accoudoirs centraux ou lat\u00e9raux, la possibilit\u00e9 de c\u00e2blage et de tables \u00e0 l&#8217;extr\u00e9mit\u00e9 du banc ou comme \u00e9l\u00e9ment de liaison entre 2 bancs.<\/p><p>Ce mobilier de salle d&#8217;attente est moderne et donne une atmosph\u00e8re chaleureuse et rassurante.<\/p>\t\t\t\t\t\t\t\t<\/div>\n\t\t\t\t<\/div>\n\t\t\t\t<div class=\"elementor-element elementor-element-812941c elementor-widget elementor-widget-gallery\" data-id=\"812941c\" data-element_type=\"widget\" data-e-type=\"widget\" data-settings=\"{&quot;gallery_layout&quot;:&quot;justified&quot;,&quot;lazyload&quot;:&quot;yes&quot;,&quot;ideal_row_height&quot;:{&quot;unit&quot;:&quot;px&quot;,&quot;size&quot;:200,&quot;sizes&quot;:[]},&quot;ideal_row_height_tablet&quot;:{&quot;unit&quot;:&quot;px&quot;,&quot;size&quot;:150,&quot;sizes&quot;:[]},&quot;ideal_row_height_mobile&quot;:{&quot;unit&quot;:&quot;px&quot;,&quot;size&quot;:150,&quot;sizes&quot;:[]},&quot;gap&quot;:{&quot;unit&quot;:&quot;px&quot;,&quot;size&quot;:10,&quot;sizes&quot;:[]},&quot;gap_tablet&quot;:{&quot;unit&quot;:&quot;px&quot;,&quot;size&quot;:10,&quot;sizes&quot;:[]},&quot;gap_mobile&quot;:{&quot;unit&quot;:&quot;px&quot;,&quot;size&quot;:10,&quot;sizes&quot;:[]},&quot;link_to&quot;:&quot;file&quot;,&quot;overlay_background&quot;:&quot;yes&quot;,&quot;content_hover_animation&quot;:&quot;fade-in&quot;}\" data-widget_type=\"gallery.default\">\n\t\t\t\t<div class=\"elementor-widget-container\">\n\t\t\t\t\t\t\t<div class=\"elementor-gallery__container\">\n\t\t\t\t\t\t\t<a class=\"e-gallery-item elementor-gallery-item elementor-animated-content\" href=\"https:\/\/www.sv.be\/wp-content\/uploads\/2020\/12\/Bildu_Funeral_Home_05.jpg\" data-elementor-open-lightbox=\"yes\" data-elementor-lightbox-slideshow=\"812941c\" data-elementor-lightbox-title=\"Bildu_Funeral_Home_05\" data-e-action-hash=\"#elementor-action%3Aaction%3Dlightbox%26settings%3DeyJpZCI6NjIyMywidXJsIjoiaHR0cHM6XC9cL3d3dy5zdi5iZVwvd3AtY29udGVudFwvdXBsb2Fkc1wvMjAyMFwvMTJcL0JpbGR1X0Z1bmVyYWxfSG9tZV8wNS5qcGciLCJzbGlkZXNob3ciOiI4MTI5NDFjIn0%3D\">\n\t\t\t\t\t<div class=\"e-gallery-image elementor-gallery-item__image\" data-thumbnail=\"https:\/\/www.sv.be\/wp-content\/uploads\/2020\/12\/Bildu_Funeral_Home_05.jpg\" data-width=\"333\" data-height=\"500\" aria-label=\"\" role=\"img\" ><\/div>\n\t\t\t\t\t\t\t\t\t\t\t<div class=\"elementor-gallery-item__overlay\"><\/div>\n\t\t\t\t\t\t\t\t\t\t\t\t\t\t<\/a>\n\t\t\t\t\t\t\t<a class=\"e-gallery-item elementor-gallery-item elementor-animated-content\" href=\"https:\/\/www.sv.be\/wp-content\/uploads\/2020\/12\/Sellex_Bildu-06.jpg\" data-elementor-open-lightbox=\"yes\" data-elementor-lightbox-slideshow=\"812941c\" data-elementor-lightbox-title=\"Sellex_Bildu-06\" data-e-action-hash=\"#elementor-action%3Aaction%3Dlightbox%26settings%3DeyJpZCI6NjE3NSwidXJsIjoiaHR0cHM6XC9cL3d3dy5zdi5iZVwvd3AtY29udGVudFwvdXBsb2Fkc1wvMjAyMFwvMTJcL1NlbGxleF9CaWxkdS0wNi5qcGciLCJzbGlkZXNob3ciOiI4MTI5NDFjIn0%3D\">\n\t\t\t\t\t<div class=\"e-gallery-image elementor-gallery-item__image\" data-thumbnail=\"https:\/\/www.sv.be\/wp-content\/uploads\/2020\/12\/Sellex_Bildu-06.jpg\" data-width=\"761\" data-height=\"500\" aria-label=\"\" role=\"img\" ><\/div>\n\t\t\t\t\t\t\t\t\t\t\t<div class=\"elementor-gallery-item__overlay\"><\/div>\n\t\t\t\t\t\t\t\t\t\t\t\t\t\t<\/a>\n\t\t\t\t\t\t\t<a class=\"e-gallery-item elementor-gallery-item elementor-animated-content\" href=\"https:\/\/www.sv.be\/wp-content\/uploads\/2020\/11\/Sellex_Bildu-07.jpg\" data-elementor-open-lightbox=\"yes\" data-elementor-lightbox-slideshow=\"812941c\" data-elementor-lightbox-title=\"Sellex_Bildu 07\" data-e-action-hash=\"#elementor-action%3Aaction%3Dlightbox%26settings%3DeyJpZCI6NTc3NSwidXJsIjoiaHR0cHM6XC9cL3d3dy5zdi5iZVwvd3AtY29udGVudFwvdXBsb2Fkc1wvMjAyMFwvMTFcL1NlbGxleF9CaWxkdS0wNy5qcGciLCJzbGlkZXNob3ciOiI4MTI5NDFjIn0%3D\">\n\t\t\t\t\t<div class=\"e-gallery-image elementor-gallery-item__image\" data-thumbnail=\"https:\/\/www.sv.be\/wp-content\/uploads\/2020\/11\/Sellex_Bildu-07.jpg\" data-width=\"702\" data-height=\"500\" aria-label=\"Zitbank Bildu- voor wachtruimtes - paarse gestoffeerde uitvoering\" role=\"img\" ><\/div>\n\t\t\t\t\t\t\t\t\t\t\t<div class=\"elementor-gallery-item__overlay\"><\/div>\n\t\t\t\t\t\t\t\t\t\t\t\t\t\t<\/a>\n\t\t\t\t\t<\/div>\n\t\t\t\t\t<\/div>\n\t\t\t\t<\/div>\n\t\t\t\t<div class=\"elementor-element elementor-element-0515424 elementor-widget elementor-widget-text-editor\" data-id=\"0515424\" data-element_type=\"widget\" data-e-type=\"widget\" data-widget_type=\"text-editor.default\">\n\t\t\t\t<div class=\"elementor-widget-container\">\n\t\t\t\t\t\t\t\t\t<p><a href=\"https:\/\/www.sv.be\/fr\/produit\/suma\/\" target=\"_blank\" rel=\"noopener\"><strong>La collection Suma<\/strong><\/a> de Sellex soutient \u00e9galement le principe d&#8217;un design \u00e9l\u00e9gant pour les salles d&#8217;attente, avec un design intemporel. Faites votre choix entre avec ou sans accoudoirs, optez ou non pour des tables d&#8217;angle ou de bout.<\/p>\t\t\t\t\t\t\t\t<\/div>\n\t\t\t\t<\/div>\n\t\t\t\t<div class=\"elementor-element elementor-element-4fe8559 elementor-widget elementor-widget-gallery\" data-id=\"4fe8559\" data-element_type=\"widget\" data-e-type=\"widget\" data-settings=\"{&quot;gallery_layout&quot;:&quot;justified&quot;,&quot;lazyload&quot;:&quot;yes&quot;,&quot;ideal_row_height&quot;:{&quot;unit&quot;:&quot;px&quot;,&quot;size&quot;:200,&quot;sizes&quot;:[]},&quot;ideal_row_height_tablet&quot;:{&quot;unit&quot;:&quot;px&quot;,&quot;size&quot;:150,&quot;sizes&quot;:[]},&quot;ideal_row_height_mobile&quot;:{&quot;unit&quot;:&quot;px&quot;,&quot;size&quot;:150,&quot;sizes&quot;:[]},&quot;gap&quot;:{&quot;unit&quot;:&quot;px&quot;,&quot;size&quot;:10,&quot;sizes&quot;:[]},&quot;gap_tablet&quot;:{&quot;unit&quot;:&quot;px&quot;,&quot;size&quot;:10,&quot;sizes&quot;:[]},&quot;gap_mobile&quot;:{&quot;unit&quot;:&quot;px&quot;,&quot;size&quot;:10,&quot;sizes&quot;:[]},&quot;link_to&quot;:&quot;file&quot;,&quot;overlay_background&quot;:&quot;yes&quot;,&quot;content_hover_animation&quot;:&quot;fade-in&quot;}\" data-widget_type=\"gallery.default\">\n\t\t\t\t<div class=\"elementor-widget-container\">\n\t\t\t\t\t\t\t<div class=\"elementor-gallery__container\">\n\t\t\t\t\t\t\t<a class=\"e-gallery-item elementor-gallery-item elementor-animated-content\" href=\"https:\/\/www.sv.be\/wp-content\/uploads\/2020\/12\/Tanatorio_Ntra_Sra_Atocha_Banco_Suma_1.jpg\" data-elementor-open-lightbox=\"yes\" data-elementor-lightbox-slideshow=\"4fe8559\" data-elementor-lightbox-title=\"Tanatorio_Ntra_Sra_Atocha_Banco_Suma_1\" data-e-action-hash=\"#elementor-action%3Aaction%3Dlightbox%26settings%3DeyJpZCI6NjE5OSwidXJsIjoiaHR0cHM6XC9cL3d3dy5zdi5iZVwvd3AtY29udGVudFwvdXBsb2Fkc1wvMjAyMFwvMTJcL1RhbmF0b3Jpb19OdHJhX1NyYV9BdG9jaGFfQmFuY29fU3VtYV8xLmpwZyIsInNsaWRlc2hvdyI6IjRmZTg1NTkifQ%3D%3D\">\n\t\t\t\t\t<div class=\"e-gallery-image elementor-gallery-item__image\" data-thumbnail=\"https:\/\/www.sv.be\/wp-content\/uploads\/2020\/12\/Tanatorio_Ntra_Sra_Atocha_Banco_Suma_1.jpg\" data-width=\"1280\" data-height=\"640\" aria-label=\"\" role=\"img\" ><\/div>\n\t\t\t\t\t\t\t\t\t\t\t<div class=\"elementor-gallery-item__overlay\"><\/div>\n\t\t\t\t\t\t\t\t\t\t\t\t\t\t<\/a>\n\t\t\t\t\t\t\t<a class=\"e-gallery-item elementor-gallery-item elementor-animated-content\" href=\"https:\/\/www.sv.be\/wp-content\/uploads\/2020\/12\/Sellex_Suma-017-scaled-1.jpg\" data-elementor-open-lightbox=\"yes\" data-elementor-lightbox-slideshow=\"4fe8559\" data-elementor-lightbox-title=\"Sellex_Suma-017-scaled\" data-e-action-hash=\"#elementor-action%3Aaction%3Dlightbox%26settings%3DeyJpZCI6NjE4MywidXJsIjoiaHR0cHM6XC9cL3d3dy5zdi5iZVwvd3AtY29udGVudFwvdXBsb2Fkc1wvMjAyMFwvMTJcL1NlbGxleF9TdW1hLTAxNy1zY2FsZWQtMS5qcGciLCJzbGlkZXNob3ciOiI0ZmU4NTU5In0%3D\">\n\t\t\t\t\t<div class=\"e-gallery-image elementor-gallery-item__image\" data-thumbnail=\"https:\/\/www.sv.be\/wp-content\/uploads\/2020\/12\/Sellex_Suma-017-scaled-1.jpg\" data-width=\"2560\" data-height=\"1829\" aria-label=\"\" role=\"img\" ><\/div>\n\t\t\t\t\t\t\t\t\t\t\t<div class=\"elementor-gallery-item__overlay\"><\/div>\n\t\t\t\t\t\t\t\t\t\t\t\t\t\t<\/a>\n\t\t\t\t\t<\/div>\n\t\t\t\t\t<\/div>\n\t\t\t\t<\/div>\n\t\t\t\t<div class=\"elementor-element elementor-element-093b3c8 elementor-widget elementor-widget-text-editor\" data-id=\"093b3c8\" data-element_type=\"widget\" data-e-type=\"widget\" data-widget_type=\"text-editor.default\">\n\t\t\t\t<div class=\"elementor-widget-container\">\n\t\t\t\t\t\t\t\t\t<p>Ou peut-\u00eatre \u00eates-vous plut\u00f4t en faveur d&#8217;une plus grande s\u00e9gr\u00e9gation des si\u00e8ges ? Alors peut-\u00eatre pr\u00e9f\u00e9rez-vous <strong><a href=\"https:\/\/www.sv.be\/fr\/produit\/slam-bancada\/\" target=\"_blank\" rel=\"noopener\">la Slam bancada<\/a><\/strong>, o\u00f9 les baquets de si\u00e8ges semblent flotter au-dessus d&#8217;une poutre et avec laquelle il est possible de faire des bancs infiniment longs. Ici aussi, le si\u00e8ge peut \u00eatre fabriqu\u00e9 en divers mat\u00e9riaux, du contreplaqu\u00e9 de ch\u00eane au polypropyl\u00e8ne renforc\u00e9 de fibres de verre et disponible en plusieurs couleurs, ou encore rembourr\u00e9 de tissu ou de cuir.<\/p>\t\t\t\t\t\t\t\t<\/div>\n\t\t\t\t<\/div>\n\t\t\t\t<div class=\"elementor-element elementor-element-d5ea692 elementor-widget elementor-widget-gallery\" data-id=\"d5ea692\" data-element_type=\"widget\" data-e-type=\"widget\" data-settings=\"{&quot;columns&quot;:3,&quot;lazyload&quot;:&quot;yes&quot;,&quot;gallery_layout&quot;:&quot;grid&quot;,&quot;columns_tablet&quot;:2,&quot;columns_mobile&quot;:1,&quot;gap&quot;:{&quot;unit&quot;:&quot;px&quot;,&quot;size&quot;:10,&quot;sizes&quot;:[]},&quot;gap_tablet&quot;:{&quot;unit&quot;:&quot;px&quot;,&quot;size&quot;:10,&quot;sizes&quot;:[]},&quot;gap_mobile&quot;:{&quot;unit&quot;:&quot;px&quot;,&quot;size&quot;:10,&quot;sizes&quot;:[]},&quot;link_to&quot;:&quot;file&quot;,&quot;aspect_ratio&quot;:&quot;3:2&quot;,&quot;overlay_background&quot;:&quot;yes&quot;,&quot;content_hover_animation&quot;:&quot;fade-in&quot;}\" data-widget_type=\"gallery.default\">\n\t\t\t\t<div class=\"elementor-widget-container\">\n\t\t\t\t\t\t\t<div class=\"elementor-gallery__container\">\n\t\t\t\t\t\t\t<a class=\"e-gallery-item elementor-gallery-item elementor-animated-content\" href=\"https:\/\/www.sv.be\/wp-content\/uploads\/2020\/12\/SLAM_BANCADA_06.jpg\" data-elementor-open-lightbox=\"yes\" data-elementor-lightbox-slideshow=\"d5ea692\" data-elementor-lightbox-title=\"SLAM_BANCADA_06\" data-e-action-hash=\"#elementor-action%3Aaction%3Dlightbox%26settings%3DeyJpZCI6NjE5MSwidXJsIjoiaHR0cHM6XC9cL3d3dy5zdi5iZVwvd3AtY29udGVudFwvdXBsb2Fkc1wvMjAyMFwvMTJcL1NMQU1fQkFOQ0FEQV8wNi5qcGciLCJzbGlkZXNob3ciOiJkNWVhNjkyIn0%3D\">\n\t\t\t\t\t<div class=\"e-gallery-image elementor-gallery-item__image\" data-thumbnail=\"https:\/\/www.sv.be\/wp-content\/uploads\/2020\/12\/SLAM_BANCADA_06.jpg\" data-width=\"895\" data-height=\"500\" aria-label=\"\" role=\"img\" ><\/div>\n\t\t\t\t\t\t\t\t\t\t\t<div class=\"elementor-gallery-item__overlay\"><\/div>\n\t\t\t\t\t\t\t\t\t\t\t\t\t\t<\/a>\n\t\t\t\t\t\t\t<a class=\"e-gallery-item elementor-gallery-item elementor-animated-content\" href=\"https:\/\/www.sv.be\/wp-content\/uploads\/2020\/09\/BANCADAS_SLAM.jpg\" data-elementor-open-lightbox=\"yes\" data-elementor-lightbox-slideshow=\"d5ea692\" data-elementor-lightbox-title=\"BANCADAS_SLAM\" data-e-action-hash=\"#elementor-action%3Aaction%3Dlightbox%26settings%3DeyJpZCI6MjkxOCwidXJsIjoiaHR0cHM6XC9cL3d3dy5zdi5iZVwvd3AtY29udGVudFwvdXBsb2Fkc1wvMjAyMFwvMDlcL0JBTkNBREFTX1NMQU0uanBnIiwic2xpZGVzaG93IjoiZDVlYTY5MiJ9\">\n\t\t\t\t\t<div class=\"e-gallery-image elementor-gallery-item__image\" data-thumbnail=\"https:\/\/www.sv.be\/wp-content\/uploads\/2020\/09\/BANCADAS_SLAM.jpg\" data-width=\"707\" data-height=\"500\" aria-label=\"\" role=\"img\" ><\/div>\n\t\t\t\t\t\t\t\t\t\t\t<div class=\"elementor-gallery-item__overlay\"><\/div>\n\t\t\t\t\t\t\t\t\t\t\t\t\t\t<\/a>\n\t\t\t\t\t\t\t<a class=\"e-gallery-item elementor-gallery-item elementor-animated-content\" href=\"https:\/\/www.sv.be\/wp-content\/uploads\/2020\/09\/SLAM_BANCADA_05.jpg\" data-elementor-open-lightbox=\"yes\" data-elementor-lightbox-slideshow=\"d5ea692\" data-elementor-lightbox-title=\"SLAM_BANCADA_05\" data-e-action-hash=\"#elementor-action%3Aaction%3Dlightbox%26settings%3DeyJpZCI6MjkyMCwidXJsIjoiaHR0cHM6XC9cL3d3dy5zdi5iZVwvd3AtY29udGVudFwvdXBsb2Fkc1wvMjAyMFwvMDlcL1NMQU1fQkFOQ0FEQV8wNS5qcGciLCJzbGlkZXNob3ciOiJkNWVhNjkyIn0%3D\">\n\t\t\t\t\t<div class=\"e-gallery-image elementor-gallery-item__image\" data-thumbnail=\"https:\/\/www.sv.be\/wp-content\/uploads\/2020\/09\/SLAM_BANCADA_05.jpg\" data-width=\"895\" data-height=\"500\" aria-label=\"\" role=\"img\" ><\/div>\n\t\t\t\t\t\t\t\t\t\t\t<div class=\"elementor-gallery-item__overlay\"><\/div>\n\t\t\t\t\t\t\t\t\t\t\t\t\t\t<\/a>\n\t\t\t\t\t<\/div>\n\t\t\t\t\t<\/div>\n\t\t\t\t<\/div>\n\t\t\t\t<div class=\"elementor-element elementor-element-839864b elementor-widget elementor-widget-text-editor\" data-id=\"839864b\" data-element_type=\"widget\" data-e-type=\"widget\" data-widget_type=\"text-editor.default\">\n\t\t\t\t<div class=\"elementor-widget-container\">\n\t\t\t\t\t\t\t\t\t<p>La zone d&#8217;attente la plus luxueuse peut \u00eatre meubl\u00e9e au moyen de <strong><a href=\"https:\/\/www.sv.be\/fr\/produit\/square-modular-seating\/\" target=\"_blank\" rel=\"noopener\">Square Modular Seating<\/a><\/strong>. Ce banc modulaire et multifonctionnel peut \u00eatre utilis\u00e9 dans diff\u00e9rentes pi\u00e8ces. Comme la plupart des canap\u00e9s, il peut \u00eatre compl\u00e9t\u00e9 par de grandes ou de petites tables, il existe un large choix de couleurs et d&#8217;options telles que le c\u00e2blage et les accoudoirs int\u00e9gr\u00e9s.<\/p>\t\t\t\t\t\t\t\t<\/div>\n\t\t\t\t<\/div>\n\t\t\t\t<div class=\"elementor-element elementor-element-703ef64 elementor-widget elementor-widget-gallery\" data-id=\"703ef64\" data-element_type=\"widget\" data-e-type=\"widget\" data-settings=\"{&quot;columns&quot;:3,&quot;lazyload&quot;:&quot;yes&quot;,&quot;gallery_layout&quot;:&quot;grid&quot;,&quot;columns_tablet&quot;:2,&quot;columns_mobile&quot;:1,&quot;gap&quot;:{&quot;unit&quot;:&quot;px&quot;,&quot;size&quot;:10,&quot;sizes&quot;:[]},&quot;gap_tablet&quot;:{&quot;unit&quot;:&quot;px&quot;,&quot;size&quot;:10,&quot;sizes&quot;:[]},&quot;gap_mobile&quot;:{&quot;unit&quot;:&quot;px&quot;,&quot;size&quot;:10,&quot;sizes&quot;:[]},&quot;link_to&quot;:&quot;file&quot;,&quot;aspect_ratio&quot;:&quot;3:2&quot;,&quot;overlay_background&quot;:&quot;yes&quot;,&quot;content_hover_animation&quot;:&quot;fade-in&quot;}\" data-widget_type=\"gallery.default\">\n\t\t\t\t<div class=\"elementor-widget-container\">\n\t\t\t\t\t\t\t<div class=\"elementor-gallery__container\">\n\t\t\t\t\t\t\t<a class=\"e-gallery-item elementor-gallery-item elementor-animated-content\" href=\"https:\/\/www.sv.be\/wp-content\/uploads\/2020\/12\/square-modular-seating-collaborative_workspace_00.jpg\" data-elementor-open-lightbox=\"yes\" data-elementor-lightbox-slideshow=\"703ef64\" data-elementor-lightbox-title=\"square-modular-seating-collaborative_workspace_00\" data-e-action-hash=\"#elementor-action%3Aaction%3Dlightbox%26settings%3DeyJpZCI6NjE5MywidXJsIjoiaHR0cHM6XC9cL3d3dy5zdi5iZVwvd3AtY29udGVudFwvdXBsb2Fkc1wvMjAyMFwvMTJcL3NxdWFyZS1tb2R1bGFyLXNlYXRpbmctY29sbGFib3JhdGl2ZV93b3Jrc3BhY2VfMDAuanBnIiwic2xpZGVzaG93IjoiNzAzZWY2NCJ9\">\n\t\t\t\t\t<div class=\"e-gallery-image elementor-gallery-item__image\" data-thumbnail=\"https:\/\/www.sv.be\/wp-content\/uploads\/2020\/12\/square-modular-seating-collaborative_workspace_00.jpg\" data-width=\"667\" data-height=\"500\" aria-label=\"\" role=\"img\" ><\/div>\n\t\t\t\t\t\t\t\t\t\t\t<div class=\"elementor-gallery-item__overlay\"><\/div>\n\t\t\t\t\t\t\t\t\t\t\t\t\t\t<\/a>\n\t\t\t\t\t\t\t<a class=\"e-gallery-item elementor-gallery-item elementor-animated-content\" href=\"https:\/\/www.sv.be\/wp-content\/uploads\/2020\/12\/square-modular-seating-different_legs.jpg\" data-elementor-open-lightbox=\"yes\" data-elementor-lightbox-slideshow=\"703ef64\" data-elementor-lightbox-title=\"square-modular-seating-different_legs\" data-e-action-hash=\"#elementor-action%3Aaction%3Dlightbox%26settings%3DeyJpZCI6NjE5NywidXJsIjoiaHR0cHM6XC9cL3d3dy5zdi5iZVwvd3AtY29udGVudFwvdXBsb2Fkc1wvMjAyMFwvMTJcL3NxdWFyZS1tb2R1bGFyLXNlYXRpbmctZGlmZmVyZW50X2xlZ3MuanBnIiwic2xpZGVzaG93IjoiNzAzZWY2NCJ9\">\n\t\t\t\t\t<div class=\"e-gallery-image elementor-gallery-item__image\" data-thumbnail=\"https:\/\/www.sv.be\/wp-content\/uploads\/2020\/12\/square-modular-seating-different_legs.jpg\" data-width=\"667\" data-height=\"500\" aria-label=\"\" role=\"img\" ><\/div>\n\t\t\t\t\t\t\t\t\t\t\t<div class=\"elementor-gallery-item__overlay\"><\/div>\n\t\t\t\t\t\t\t\t\t\t\t\t\t\t<\/a>\n\t\t\t\t\t\t\t<a class=\"e-gallery-item elementor-gallery-item elementor-animated-content\" href=\"https:\/\/www.sv.be\/wp-content\/uploads\/2020\/08\/SLX_SQUARE_08.jpg\" data-elementor-open-lightbox=\"yes\" data-elementor-lightbox-slideshow=\"703ef64\" data-elementor-lightbox-title=\"SLX_SQUARE_08\" data-e-action-hash=\"#elementor-action%3Aaction%3Dlightbox%26settings%3DeyJpZCI6NTg5MCwidXJsIjoiaHR0cHM6XC9cL3d3dy5zdi5iZVwvd3AtY29udGVudFwvdXBsb2Fkc1wvMjAyMFwvMDhcL1NMWF9TUVVBUkVfMDguanBnIiwic2xpZGVzaG93IjoiNzAzZWY2NCJ9\">\n\t\t\t\t\t<div class=\"e-gallery-image elementor-gallery-item__image\" data-thumbnail=\"https:\/\/www.sv.be\/wp-content\/uploads\/2020\/08\/SLX_SQUARE_08.jpg\" data-width=\"1063\" data-height=\"709\" aria-label=\"Zitbank Square Modular in blauwe, gestoffeerde afwerking\" role=\"img\" ><\/div>\n\t\t\t\t\t\t\t\t\t\t\t<div class=\"elementor-gallery-item__overlay\"><\/div>\n\t\t\t\t\t\t\t\t\t\t\t\t\t\t<\/a>\n\t\t\t\t\t<\/div>\n\t\t\t\t\t<\/div>\n\t\t\t\t<\/div>\n\t\t\t\t<div class=\"elementor-element elementor-element-6073b52 elementor-widget elementor-widget-text-editor\" data-id=\"6073b52\" data-element_type=\"widget\" data-e-type=\"widget\" data-widget_type=\"text-editor.default\">\n\t\t\t\t<div class=\"elementor-widget-container\">\n\t\t\t\t\t\t\t\t\t<h2>Bancs en bois et m\u00e9tal<\/h2><p>Les connexions et les d\u00e9tails subtils des bancs <strong><a href=\"https:\/\/www.sv.be\/fr\/produit\/lasai\/\" target=\"_blank\" rel=\"noopener\">Lasai<\/a><\/strong> en font un produit id\u00e9al pour les zones d&#8217;attente exclusives. La recherche d&#8217;une ligne esth\u00e9tique pure, a \u00e9t\u00e9 au centre du d\u00e9veloppement de Lasai. La conception de l&#8217;assise et du dossier en ligne offre un bon soutien ergonomique et un bon confort.<br \/>La finition est possible en contreplaqu\u00e9 de 18 mm en ch\u00eane ou en h\u00eatre.<\/p>\t\t\t\t\t\t\t\t<\/div>\n\t\t\t\t<\/div>\n\t\t\t\t<div class=\"elementor-element elementor-element-3212664 elementor-widget elementor-widget-gallery\" data-id=\"3212664\" data-element_type=\"widget\" data-e-type=\"widget\" data-settings=\"{&quot;gallery_layout&quot;:&quot;justified&quot;,&quot;lazyload&quot;:&quot;yes&quot;,&quot;ideal_row_height&quot;:{&quot;unit&quot;:&quot;px&quot;,&quot;size&quot;:200,&quot;sizes&quot;:[]},&quot;ideal_row_height_tablet&quot;:{&quot;unit&quot;:&quot;px&quot;,&quot;size&quot;:150,&quot;sizes&quot;:[]},&quot;ideal_row_height_mobile&quot;:{&quot;unit&quot;:&quot;px&quot;,&quot;size&quot;:150,&quot;sizes&quot;:[]},&quot;gap&quot;:{&quot;unit&quot;:&quot;px&quot;,&quot;size&quot;:10,&quot;sizes&quot;:[]},&quot;gap_tablet&quot;:{&quot;unit&quot;:&quot;px&quot;,&quot;size&quot;:10,&quot;sizes&quot;:[]},&quot;gap_mobile&quot;:{&quot;unit&quot;:&quot;px&quot;,&quot;size&quot;:10,&quot;sizes&quot;:[]},&quot;link_to&quot;:&quot;file&quot;,&quot;overlay_background&quot;:&quot;yes&quot;,&quot;content_hover_animation&quot;:&quot;fade-in&quot;}\" data-widget_type=\"gallery.default\">\n\t\t\t\t<div class=\"elementor-widget-container\">\n\t\t\t\t\t\t\t<div class=\"elementor-gallery__container\">\n\t\t\t\t\t\t\t<a class=\"e-gallery-item elementor-gallery-item elementor-animated-content\" href=\"https:\/\/www.sv.be\/wp-content\/uploads\/2020\/12\/Sellex_Lasai-01.jpg\" data-elementor-open-lightbox=\"yes\" data-elementor-lightbox-slideshow=\"3212664\" data-elementor-lightbox-title=\"Sellex_Lasai-01\" data-e-action-hash=\"#elementor-action%3Aaction%3Dlightbox%26settings%3DeyJpZCI6NjE3OSwidXJsIjoiaHR0cHM6XC9cL3d3dy5zdi5iZVwvd3AtY29udGVudFwvdXBsb2Fkc1wvMjAyMFwvMTJcL1NlbGxleF9MYXNhaS0wMS5qcGciLCJzbGlkZXNob3ciOiIzMjEyNjY0In0%3D\">\n\t\t\t\t\t<div class=\"e-gallery-image elementor-gallery-item__image\" data-thumbnail=\"https:\/\/www.sv.be\/wp-content\/uploads\/2020\/12\/Sellex_Lasai-01.jpg\" data-width=\"686\" data-height=\"500\" aria-label=\"\" role=\"img\" ><\/div>\n\t\t\t\t\t\t\t\t\t\t\t<div class=\"elementor-gallery-item__overlay\"><\/div>\n\t\t\t\t\t\t\t\t\t\t\t\t\t\t<\/a>\n\t\t\t\t\t\t\t<a class=\"e-gallery-item elementor-gallery-item elementor-animated-content\" href=\"https:\/\/www.sv.be\/wp-content\/uploads\/2020\/12\/Sellex_Lasai-06.jpg\" data-elementor-open-lightbox=\"yes\" data-elementor-lightbox-slideshow=\"3212664\" data-elementor-lightbox-title=\"Sellex_Lasai-06\" data-e-action-hash=\"#elementor-action%3Aaction%3Dlightbox%26settings%3DeyJpZCI6NjE4MSwidXJsIjoiaHR0cHM6XC9cL3d3dy5zdi5iZVwvd3AtY29udGVudFwvdXBsb2Fkc1wvMjAyMFwvMTJcL1NlbGxleF9MYXNhaS0wNi5qcGciLCJzbGlkZXNob3ciOiIzMjEyNjY0In0%3D\">\n\t\t\t\t\t<div class=\"e-gallery-image elementor-gallery-item__image\" data-thumbnail=\"https:\/\/www.sv.be\/wp-content\/uploads\/2020\/12\/Sellex_Lasai-06.jpg\" data-width=\"2480\" data-height=\"2480\" aria-label=\"\" role=\"img\" ><\/div>\n\t\t\t\t\t\t\t\t\t\t\t<div class=\"elementor-gallery-item__overlay\"><\/div>\n\t\t\t\t\t\t\t\t\t\t\t\t\t\t<\/a>\n\t\t\t\t\t\t\t<a class=\"e-gallery-item elementor-gallery-item elementor-animated-content\" href=\"https:\/\/www.sv.be\/wp-content\/uploads\/2020\/11\/Sellex_Lasai-09-scaled.jpg\" data-elementor-open-lightbox=\"yes\" data-elementor-lightbox-slideshow=\"3212664\" data-elementor-lightbox-title=\"Sellex_Lasai 09\" data-e-action-hash=\"#elementor-action%3Aaction%3Dlightbox%26settings%3DeyJpZCI6NTgxNCwidXJsIjoiaHR0cHM6XC9cL3d3dy5zdi5iZVwvd3AtY29udGVudFwvdXBsb2Fkc1wvMjAyMFwvMTFcL1NlbGxleF9MYXNhaS0wOS1zY2FsZWQuanBnIiwic2xpZGVzaG93IjoiMzIxMjY2NCJ9\">\n\t\t\t\t\t<div class=\"e-gallery-image elementor-gallery-item__image\" data-thumbnail=\"https:\/\/www.sv.be\/wp-content\/uploads\/2020\/11\/Sellex_Lasai-09-scaled.jpg\" data-width=\"2560\" data-height=\"1589\" aria-label=\"Zitbank Lasai- voor wachtruimtes - in multiplex eik of beuk\" role=\"img\" ><\/div>\n\t\t\t\t\t\t\t\t\t\t\t<div class=\"elementor-gallery-item__overlay\"><\/div>\n\t\t\t\t\t\t\t\t\t\t\t\t\t\t<\/a>\n\t\t\t\t\t<\/div>\n\t\t\t\t\t<\/div>\n\t\t\t\t<\/div>\n\t\t\t\t<div class=\"elementor-element elementor-element-71c1524 elementor-widget elementor-widget-text-editor\" data-id=\"71c1524\" data-element_type=\"widget\" data-e-type=\"widget\" data-widget_type=\"text-editor.default\">\n\t\t\t\t<div class=\"elementor-widget-container\">\n\t\t\t\t\t\t\t\t\t<p>Enfin, nous aimerions vous pr\u00e9senter la collection <strong><a href=\"https:\/\/www.sv.be\/fr\/produit\/back-modular\/\" target=\"_blank\" rel=\"noopener\">Back Modular<\/a><\/strong> : cette combinaison d&#8217;un banc en ch\u00eane avec une variante rembourr\u00e9e dans un syst\u00e8me modulaire est brillante de simplicit\u00e9. En outre, presque tous les arrangements souhait\u00e9s peuvent \u00eatre cr\u00e9\u00e9s, jusqu&#8217;aux bancs semi-circulaires, comme ceux utilis\u00e9s dans ce centre de deuil \u00e0 Zeist, aux Pays-Bas.<\/p>\t\t\t\t\t\t\t\t<\/div>\n\t\t\t\t<\/div>\n\t\t\t\t<div class=\"elementor-element elementor-element-3f88cfa elementor-widget elementor-widget-gallery\" data-id=\"3f88cfa\" data-element_type=\"widget\" data-e-type=\"widget\" data-settings=\"{&quot;gallery_layout&quot;:&quot;justified&quot;,&quot;lazyload&quot;:&quot;yes&quot;,&quot;ideal_row_height&quot;:{&quot;unit&quot;:&quot;px&quot;,&quot;size&quot;:200,&quot;sizes&quot;:[]},&quot;ideal_row_height_tablet&quot;:{&quot;unit&quot;:&quot;px&quot;,&quot;size&quot;:150,&quot;sizes&quot;:[]},&quot;ideal_row_height_mobile&quot;:{&quot;unit&quot;:&quot;px&quot;,&quot;size&quot;:150,&quot;sizes&quot;:[]},&quot;gap&quot;:{&quot;unit&quot;:&quot;px&quot;,&quot;size&quot;:10,&quot;sizes&quot;:[]},&quot;gap_tablet&quot;:{&quot;unit&quot;:&quot;px&quot;,&quot;size&quot;:10,&quot;sizes&quot;:[]},&quot;gap_mobile&quot;:{&quot;unit&quot;:&quot;px&quot;,&quot;size&quot;:10,&quot;sizes&quot;:[]},&quot;link_to&quot;:&quot;file&quot;,&quot;overlay_background&quot;:&quot;yes&quot;,&quot;content_hover_animation&quot;:&quot;fade-in&quot;}\" data-widget_type=\"gallery.default\">\n\t\t\t\t<div class=\"elementor-widget-container\">\n\t\t\t\t\t\t\t<div class=\"elementor-gallery__container\">\n\t\t\t\t\t\t\t<a class=\"e-gallery-item elementor-gallery-item elementor-animated-content\" href=\"https:\/\/www.sv.be\/wp-content\/uploads\/2020\/12\/Funeral_Home_Zeist_back-modular.jpg\" data-elementor-open-lightbox=\"yes\" data-elementor-lightbox-slideshow=\"3f88cfa\" data-elementor-lightbox-title=\"Funeral_Home_Zeist_back-modular\" data-e-action-hash=\"#elementor-action%3Aaction%3Dlightbox%26settings%3DeyJpZCI6NjIyNSwidXJsIjoiaHR0cHM6XC9cL3d3dy5zdi5iZVwvd3AtY29udGVudFwvdXBsb2Fkc1wvMjAyMFwvMTJcL0Z1bmVyYWxfSG9tZV9aZWlzdF9iYWNrLW1vZHVsYXIuanBnIiwic2xpZGVzaG93IjoiM2Y4OGNmYSJ9\">\n\t\t\t\t\t<div class=\"e-gallery-image elementor-gallery-item__image\" data-thumbnail=\"https:\/\/www.sv.be\/wp-content\/uploads\/2020\/12\/Funeral_Home_Zeist_back-modular.jpg\" data-width=\"889\" data-height=\"500\" aria-label=\"\" role=\"img\" ><\/div>\n\t\t\t\t\t\t\t\t\t\t\t<div class=\"elementor-gallery-item__overlay\"><\/div>\n\t\t\t\t\t\t\t\t\t\t\t\t\t\t<\/a>\n\t\t\t\t\t\t\t<a class=\"e-gallery-item elementor-gallery-item elementor-animated-content\" href=\"https:\/\/www.sv.be\/wp-content\/uploads\/2020\/12\/Sellex_Back-Modular-01-scaled-1.jpg\" data-elementor-open-lightbox=\"yes\" data-elementor-lightbox-slideshow=\"3f88cfa\" data-elementor-lightbox-title=\"Sellex_Back-Modular-01-scaled\" data-e-action-hash=\"#elementor-action%3Aaction%3Dlightbox%26settings%3DeyJpZCI6NjE3MSwidXJsIjoiaHR0cHM6XC9cL3d3dy5zdi5iZVwvd3AtY29udGVudFwvdXBsb2Fkc1wvMjAyMFwvMTJcL1NlbGxleF9CYWNrLU1vZHVsYXItMDEtc2NhbGVkLTEuanBnIiwic2xpZGVzaG93IjoiM2Y4OGNmYSJ9\">\n\t\t\t\t\t<div class=\"e-gallery-image elementor-gallery-item__image\" data-thumbnail=\"https:\/\/www.sv.be\/wp-content\/uploads\/2020\/12\/Sellex_Back-Modular-01-scaled-1.jpg\" data-width=\"2560\" data-height=\"1920\" aria-label=\"\" role=\"img\" ><\/div>\n\t\t\t\t\t\t\t\t\t\t\t<div class=\"elementor-gallery-item__overlay\"><\/div>\n\t\t\t\t\t\t\t\t\t\t\t\t\t\t<\/a>\n\t\t\t\t\t<\/div>\n\t\t\t\t\t<\/div>\n\t\t\t\t<\/div>\n\t\t\t\t<div class=\"elementor-element elementor-element-eed5b55 elementor-widget elementor-widget-heading\" data-id=\"eed5b55\" data-element_type=\"widget\" data-e-type=\"widget\" data-widget_type=\"heading.default\">\n\t\t\t\t<div class=\"elementor-widget-container\">\n\t\t\t\t\t<h2 class=\"elementor-heading-title elementor-size-default\">Am\u00e9nager une salle d'attente<\/h2>\t\t\t\t<\/div>\n\t\t\t\t<\/div>\n\t\t\t\t<div class=\"elementor-element elementor-element-9a580a7 elementor-widget elementor-widget-text-editor\" data-id=\"9a580a7\" data-element_type=\"widget\" data-e-type=\"widget\" data-widget_type=\"text-editor.default\">\n\t\t\t\t<div class=\"elementor-widget-container\">\n\t\t\t\t\t\t\t\t\t<p>Nos bancs sont <strong>modernes, \u00e9l\u00e9gants et confortables<\/strong>. De plus, presque tous disposent d&#8217;un grand nombre d&#8217;<strong>options<\/strong> <strong>pour s&#8217;adapter<\/strong> pleinement \u00e0 vos souhaits.<\/p><p>Que vous recherchiez des bancs pour installer une r\u00e9ception ou une salle d&#8217;attente, ou pour l&#8217;auditorium de votre salon fun\u00e9raire ou de votre entreprise de pompes fun\u00e8bres, nous pouvons sans aucun doute vous \u00eatre utiles. Tous les produits Sellex garantissent <strong>la qualit\u00e9 et le design<\/strong>, gr\u00e2ce \u00e0 leur longue collaboration avec des <strong>designers prestigieux<\/strong>. Pure, minimaliste, techniquement solide et d&#8217;une simplicit\u00e9 trompeuse.<\/p><p>Mais notre site web ne dit pas tout. N&#8217;h\u00e9sitez donc pas \u00e0 nous contacter : une conversation sans engagement en dit souvent beaucoup plus long et nous aimons r\u00e9fl\u00e9chir avec vous.<\/p>\t\t\t\t\t\t\t\t<\/div>\n\t\t\t\t<\/div>\n\t\t\t\t<div class=\"elementor-element elementor-element-0858501 elementor-align-justify knop-2 elementor-widget elementor-widget-button\" data-id=\"0858501\" data-element_type=\"widget\" data-e-type=\"widget\" data-widget_type=\"button.default\">\n\t\t\t\t<div class=\"elementor-widget-container\">\n\t\t\t\t\t\t\t\t\t<div class=\"elementor-button-wrapper\">\n\t\t\t\t\t<a class=\"elementor-button elementor-button-link elementor-size-sm\" href=\"https:\/\/www.sv.be\/fr\/contacter\/\">\n\t\t\t\t\t\t<span class=\"elementor-button-content-wrapper\">\n\t\t\t\t\t\t<span class=\"elementor-button-icon\">\n\t\t\t\t<i aria-hidden=\"true\" class=\"fas fa-arrow-right\"><\/i>\t\t\t<\/span>\n\t\t\t\t\t\t\t\t\t<span class=\"elementor-button-text\">Contactez-nous pour des conseils<\/span>\n\t\t\t\t\t<\/span>\n\t\t\t\t\t<\/a>\n\t\t\t\t<\/div>\n\t\t\t\t\t\t\t\t<\/div>\n\t\t\t\t<\/div>\n\t\t\t\t\t<\/div>\n\t\t<\/div>\n\t\t\t\t\t<\/div>\n\t\t<\/section>\n\t\t\t\t<\/div>\n\t\t","protected":false},"excerpt":{"rendered":"<p>Notre partenaire, la soci\u00e9t\u00e9 espagnole Sellex, s&#8217;est encore sp\u00e9cialis\u00e9e dans les bancs ces derni\u00e8res ann\u00e9es et a d\u00e9j\u00e0 r\u00e9alis\u00e9 de nombreux et magnifiques projets en Belgique et dans le reste de l&#8217;Europe.&nbsp; Banc m\u00e9tal industriel Le banc Aero est la combinaison parfaite de minimalisme, de l\u00e9g\u00e8ret\u00e9, d&#8217;\u00e9l\u00e9gance, de confort et de robustesse. Reposant sur deux [&hellip;]<\/p>\n","protected":false},"author":3,"featured_media":6137,"comment_status":"closed","ping_status":"closed","sticky":false,"template":"","format":"standard","meta":{"_seopress_robots_primary_cat":"none","_seopress_titles_title":"Bancs pour les salles d&#039;attentes et les auditoriums | SV.be","_seopress_titles_desc":"Vous trouverez ici les plus beaux bancs design pour les salles d&#039;attente ou les auditoriums de pompes fun\u00e8bres. Contactez-nous pour obtenir des conseils.","_seopress_robots_index":"","footnotes":""},"categories":[92],"tags":[],"toepassingen":[],"class_list":["post-6263","post","type-post","status-publish","format-standard","has-post-thumbnail","hentry","category-idees"],"_links":{"self":[{"href":"https:\/\/www.sv.be\/fr\/wp-json\/wp\/v2\/posts\/6263","targetHints":{"allow":["GET"]}}],"collection":[{"href":"https:\/\/www.sv.be\/fr\/wp-json\/wp\/v2\/posts"}],"about":[{"href":"https:\/\/www.sv.be\/fr\/wp-json\/wp\/v2\/types\/post"}],"author":[{"embeddable":true,"href":"https:\/\/www.sv.be\/fr\/wp-json\/wp\/v2\/users\/3"}],"replies":[{"embeddable":true,"href":"https:\/\/www.sv.be\/fr\/wp-json\/wp\/v2\/comments?post=6263"}],"version-history":[{"count":0,"href":"https:\/\/www.sv.be\/fr\/wp-json\/wp\/v2\/posts\/6263\/revisions"}],"wp:featuredmedia":[{"embeddable":true,"href":"https:\/\/www.sv.be\/fr\/wp-json\/wp\/v2\/media\/6137"}],"wp:attachment":[{"href":"https:\/\/www.sv.be\/fr\/wp-json\/wp\/v2\/media?parent=6263"}],"wp:term":[{"taxonomy":"category","embeddable":true,"href":"https:\/\/www.sv.be\/fr\/wp-json\/wp\/v2\/categories?post=6263"},{"taxonomy":"post_tag","embeddable":true,"href":"https:\/\/www.sv.be\/fr\/wp-json\/wp\/v2\/tags?post=6263"},{"taxonomy":"toepassingen","embeddable":true,"href":"https:\/\/www.sv.be\/fr\/wp-json\/wp\/v2\/toepassingen?post=6263"}],"curies":[{"name":"wp","href":"https:\/\/api.w.org\/{rel}","templated":true}]}}